{"id":6504,"date":"2025-06-12T11:08:32","date_gmt":"2025-06-12T11:08:32","guid":{"rendered":"https:\/\/giv-solutions.com\/?p=6504"},"modified":"2025-06-12T11:08:32","modified_gmt":"2025-06-12T11:08:32","slug":"entrevista-de-meir-givon-y-juan-figueroa-en-sector-ejecutivo","status":"publish","type":"post","link":"https:\/\/giv-solutions.com\/es\/entrevista-de-meir-givon-y-juan-figueroa-en-sector-ejecutivo\/","title":{"rendered":"Entrevista de Meir Givon y Juan Figueroa en Sector Ejecutivo"},"content":{"rendered":"<h2>Entrevista de Meir Givon y Juan Figueroa en Sector Ejecutivo<\/h2>\n<p>Meir Givon, presidente y fundador de GIV Solutions Group, y Juan Figueroa, director regional de Desarrollo de Negocio en Espa\u00f1a, han sido entrevistados en la revista Sector Ejecutivo, donde han explicado que, tras m\u00e1s de 20 a\u00f1os de trayectoria internacional, hemos dado el paso decisivo para establecernos en Espa\u00f1a como aliados estrat\u00e9gicos de empresas y administraciones p\u00fablicas en su camino hacia la modernizaci\u00f3n.<\/p>\n<p>Givon y Figueroa remarcan que nuestra propuesta va m\u00e1s all\u00e1 de la digitalizaci\u00f3n superficial. Ofrecemos una transformaci\u00f3n real que integra tecnolog\u00eda avanzada, anal\u00edtica predictiva y visi\u00f3n estrat\u00e9gica para sectores clave como energ\u00eda, infraestructuras y administraciones p\u00fablicas.<\/p>\n<p>En Espa\u00f1a, nos enfocamos especialmente en apoyar la transici\u00f3n energ\u00e9tica, ayudando a operadores de parques e\u00f3licos, solares e hidroel\u00e9ctricos a maximizar la rentabilidad de sus activos mediante mantenimiento predictivo con IA y gesti\u00f3n inteligente de operaciones.<\/p>\n<p>&nbsp;<\/p>\n<p><a href=\"https:\/\/revistasectorejecutivo.es\/en-portada-destacada\/giv-solutions-group-ayudando-a-las-empresas-a-optimizar-sus-activos-e-impulsar-su-transformacion-digital\/\">Lee aqu\u00ed la entrevista completa<\/a><\/p>\n<p>&nbsp;<\/p>\n<p><img loading=\"lazy\" decoding=\"async\" class=\"alignnone size-full wp-image-6507\" src=\"https:\/\/giv-solutions.com\/wp-content\/uploads\/2025\/06\/Screenshot-2025-06-12-140627.png\" alt=\"\" width=\"745\" height=\"556\" srcset=\"https:\/\/giv-solutions.com\/wp-content\/uploads\/2025\/06\/Screenshot-2025-06-12-140627.png 745w, https:\/\/giv-solutions.com\/wp-content\/uploads\/2025\/06\/Screenshot-2025-06-12-140627-300x224.png 300w\" sizes=\"auto, (max-width: 745px) 100vw, 745px\" \/><\/p>\n","protected":false},"excerpt":{"rendered":"<p>Entrevista de Meir Givon y Juan Figueroa en Sector Ejecutivo Meir Givon, presidente y fundador de GIV Solutions Group, y Juan Figueroa, director regional de Desarrollo de Negocio en Espa\u00f1a, han sido entrevistados en la revista Sector Ejecutivo, donde han explicado que, tras m\u00e1s de 20 a\u00f1os de trayectoria internacional, hemos dado el paso decisivo [&hellip;]<\/p>\n","protected":false},"author":6,"featured_media":6507,"comment_status":"closed","ping_status":"closed","sticky":false,"template":"","format":"standard","meta":{"_acf_changed":false,"content-type":"","footnotes":""},"categories":[70],"tags":[],"class_list":["post-6504","post","type-post","status-publish","format-standard","has-post-thumbnail","hentry","category-noticias"],"acf":[],"yoast_head":"<!-- This site is optimized with the Yoast SEO plugin v28.3 - https:\/\/yoast.com\/product\/yoast-seo-wordpress\/ -->\n<title>Entrevista de Meir Givon y Juan Figueroa en Sector Ejecutivo - GIV Solutions<\/title>\n<meta name=\"robots\" content=\"index, follow, max-snippet:-1, max-image-preview:large, max-video-preview:-1\" \/>\n<link rel=\"canonical\" href=\"https:\/\/giv-solutions.com\/es\/entrevista-de-meir-givon-y-juan-figueroa-en-sector-ejecutivo\/\" \/>\n<meta property=\"og:locale\" content=\"es_ES\" \/>\n<meta property=\"og:type\" content=\"article\" \/>\n<meta property=\"og:title\" content=\"Entrevista de Meir Givon y Juan Figueroa en Sector Ejecutivo - GIV Solutions\" \/>\n<meta property=\"og:description\" content=\"Entrevista de Meir Givon y Juan Figueroa en Sector Ejecutivo Meir Givon, presidente y fundador de GIV Solutions Group, y Juan Figueroa, director regional de Desarrollo de Negocio en Espa\u00f1a, han sido entrevistados en la revista Sector Ejecutivo, donde han explicado que, tras m\u00e1s de 20 a\u00f1os de trayectoria internacional, hemos dado el paso decisivo [&hellip;]\" \/>\n<meta property=\"og:url\" content=\"https:\/\/giv-solutions.com\/es\/entrevista-de-meir-givon-y-juan-figueroa-en-sector-ejecutivo\/\" \/>\n<meta property=\"og:site_name\" content=\"GIV Solutions\" \/>\n<meta property=\"article:publisher\" content=\"https:\/\/www.facebook.com\/MeirGIV\" \/>\n<meta property=\"article:published_time\" content=\"2025-06-12T11:08:32+00:00\" \/>\n<meta property=\"og:image\" content=\"https:\/\/giv-solutions.com\/wp-content\/uploads\/2025\/06\/Screenshot-2025-06-12-140627.png\" \/>\n\t<meta property=\"og:image:width\" content=\"745\" \/>\n\t<meta property=\"og:image:height\" content=\"556\" \/>\n\t<meta property=\"og:image:type\" content=\"image\/png\" \/>\n<meta name=\"author\" content=\"Chen Gabay\" \/>\n<meta name=\"twitter:card\" content=\"summary_large_image\" \/>\n<script type=\"application\/ld+json\" class=\"yoast-schema-graph\">{\"@context\":\"https:\\\/\\\/schema.org\",\"@graph\":[{\"@type\":\"Article\",\"@id\":\"https:\\\/\\\/giv-solutions.com\\\/es\\\/entrevista-de-meir-givon-y-juan-figueroa-en-sector-ejecutivo\\\/#article\",\"isPartOf\":{\"@id\":\"https:\\\/\\\/giv-solutions.com\\\/es\\\/entrevista-de-meir-givon-y-juan-figueroa-en-sector-ejecutivo\\\/\"},\"author\":{\"name\":\"Chen Gabay\",\"@id\":\"https:\\\/\\\/giv-solutions.com\\\/es\\\/#\\\/schema\\\/person\\\/acf96a226695c8714a384d8ae07bf3e3\"},\"headline\":\"Entrevista de Meir Givon y Juan Figueroa en Sector Ejecutivo\",\"datePublished\":\"2025-06-12T11:08:32+00:00\",\"mainEntityOfPage\":{\"@id\":\"https:\\\/\\\/giv-solutions.com\\\/es\\\/entrevista-de-meir-givon-y-juan-figueroa-en-sector-ejecutivo\\\/\"},\"wordCount\":183,\"publisher\":{\"@id\":\"https:\\\/\\\/giv-solutions.com\\\/es\\\/#organization\"},\"image\":{\"@id\":\"https:\\\/\\\/giv-solutions.com\\\/es\\\/entrevista-de-meir-givon-y-juan-figueroa-en-sector-ejecutivo\\\/#primaryimage\"},\"thumbnailUrl\":\"https:\\\/\\\/giv-solutions.com\\\/wp-content\\\/uploads\\\/2025\\\/06\\\/Screenshot-2025-06-12-140627.png\",\"articleSection\":[\"Noticias\"],\"inLanguage\":\"es\"},{\"@type\":\"WebPage\",\"@id\":\"https:\\\/\\\/giv-solutions.com\\\/es\\\/entrevista-de-meir-givon-y-juan-figueroa-en-sector-ejecutivo\\\/\",\"url\":\"https:\\\/\\\/giv-solutions.com\\\/es\\\/entrevista-de-meir-givon-y-juan-figueroa-en-sector-ejecutivo\\\/\",\"name\":\"Entrevista de Meir Givon y Juan Figueroa en Sector Ejecutivo - GIV Solutions\",\"isPartOf\":{\"@id\":\"https:\\\/\\\/giv-solutions.com\\\/es\\\/#website\"},\"primaryImageOfPage\":{\"@id\":\"https:\\\/\\\/giv-solutions.com\\\/es\\\/entrevista-de-meir-givon-y-juan-figueroa-en-sector-ejecutivo\\\/#primaryimage\"},\"image\":{\"@id\":\"https:\\\/\\\/giv-solutions.com\\\/es\\\/entrevista-de-meir-givon-y-juan-figueroa-en-sector-ejecutivo\\\/#primaryimage\"},\"thumbnailUrl\":\"https:\\\/\\\/giv-solutions.com\\\/wp-content\\\/uploads\\\/2025\\\/06\\\/Screenshot-2025-06-12-140627.png\",\"datePublished\":\"2025-06-12T11:08:32+00:00\",\"breadcrumb\":{\"@id\":\"https:\\\/\\\/giv-solutions.com\\\/es\\\/entrevista-de-meir-givon-y-juan-figueroa-en-sector-ejecutivo\\\/#breadcrumb\"},\"inLanguage\":\"es\",\"potentialAction\":[{\"@type\":\"ReadAction\",\"target\":[\"https:\\\/\\\/giv-solutions.com\\\/es\\\/entrevista-de-meir-givon-y-juan-figueroa-en-sector-ejecutivo\\\/\"]}]},{\"@type\":\"ImageObject\",\"inLanguage\":\"es\",\"@id\":\"https:\\\/\\\/giv-solutions.com\\\/es\\\/entrevista-de-meir-givon-y-juan-figueroa-en-sector-ejecutivo\\\/#primaryimage\",\"url\":\"https:\\\/\\\/giv-solutions.com\\\/wp-content\\\/uploads\\\/2025\\\/06\\\/Screenshot-2025-06-12-140627.png\",\"contentUrl\":\"https:\\\/\\\/giv-solutions.com\\\/wp-content\\\/uploads\\\/2025\\\/06\\\/Screenshot-2025-06-12-140627.png\",\"width\":745,\"height\":556},{\"@type\":\"BreadcrumbList\",\"@id\":\"https:\\\/\\\/giv-solutions.com\\\/es\\\/entrevista-de-meir-givon-y-juan-figueroa-en-sector-ejecutivo\\\/#breadcrumb\",\"itemListElement\":[{\"@type\":\"ListItem\",\"position\":1,\"name\":\"P\u00e1gina de inicio\",\"item\":\"https:\\\/\\\/giv-solutions.com\\\/es\\\/\"},{\"@type\":\"ListItem\",\"position\":2,\"name\":\"Noticias\",\"item\":\"https:\\\/\\\/giv-solutions.com\\\/es\\\/category\\\/noticias\\\/\"},{\"@type\":\"ListItem\",\"position\":3,\"name\":\"Entrevista de Meir Givon y Juan Figueroa en Sector Ejecutivo\"}]},{\"@type\":\"WebSite\",\"@id\":\"https:\\\/\\\/giv-solutions.com\\\/es\\\/#website\",\"url\":\"https:\\\/\\\/giv-solutions.com\\\/es\\\/\",\"name\":\"GIV Solutions\",\"description\":\"Innovating into the future\",\"publisher\":{\"@id\":\"https:\\\/\\\/giv-solutions.com\\\/es\\\/#organization\"},\"potentialAction\":[{\"@type\":\"SearchAction\",\"target\":{\"@type\":\"EntryPoint\",\"urlTemplate\":\"https:\\\/\\\/giv-solutions.com\\\/es\\\/?s={search_term_string}\"},\"query-input\":{\"@type\":\"PropertyValueSpecification\",\"valueRequired\":true,\"valueName\":\"search_term_string\"}}],\"inLanguage\":\"es\"},{\"@type\":\"Organization\",\"@id\":\"https:\\\/\\\/giv-solutions.com\\\/es\\\/#organization\",\"name\":\"GIV Solutions\",\"url\":\"https:\\\/\\\/giv-solutions.com\\\/es\\\/\",\"logo\":{\"@type\":\"ImageObject\",\"inLanguage\":\"es\",\"@id\":\"https:\\\/\\\/giv-solutions.com\\\/es\\\/#\\\/schema\\\/logo\\\/image\\\/\",\"url\":\"https:\\\/\\\/giv-solutions.com\\\/wp-content\\\/uploads\\\/2025\\\/12\\\/GIV-LOGO-TRANS.png\",\"contentUrl\":\"https:\\\/\\\/giv-solutions.com\\\/wp-content\\\/uploads\\\/2025\\\/12\\\/GIV-LOGO-TRANS.png\",\"width\":1080,\"height\":1080,\"caption\":\"GIV Solutions\"},\"image\":{\"@id\":\"https:\\\/\\\/giv-solutions.com\\\/es\\\/#\\\/schema\\\/logo\\\/image\\\/\"},\"sameAs\":[\"https:\\\/\\\/www.facebook.com\\\/MeirGIV\",\"https:\\\/\\\/www.youtube.com\\\/channel\\\/UCm0ve1mqHoC3dKt-AQGKAKA?cbrd=1\",\"https:\\\/\\\/www.linkedin.com\\\/company\\\/giv-solutions\"]},{\"@type\":\"Person\",\"@id\":\"https:\\\/\\\/giv-solutions.com\\\/es\\\/#\\\/schema\\\/person\\\/acf96a226695c8714a384d8ae07bf3e3\",\"name\":\"Chen Gabay\",\"image\":{\"@type\":\"ImageObject\",\"inLanguage\":\"es\",\"@id\":\"https:\\\/\\\/secure.gravatar.com\\\/avatar\\\/0ee0786b1359a3905f1c8a91f6f2121054db32da316aaf5b85d57acc9afea665?s=96&d=mm&r=g\",\"url\":\"https:\\\/\\\/secure.gravatar.com\\\/avatar\\\/0ee0786b1359a3905f1c8a91f6f2121054db32da316aaf5b85d57acc9afea665?s=96&d=mm&r=g\",\"contentUrl\":\"https:\\\/\\\/secure.gravatar.com\\\/avatar\\\/0ee0786b1359a3905f1c8a91f6f2121054db32da316aaf5b85d57acc9afea665?s=96&d=mm&r=g\",\"caption\":\"Chen Gabay\"}}]}<\/script>\n<!-- \/ Yoast SEO plugin. -->","yoast_head_json":{"title":"Entrevista de Meir Givon y Juan Figueroa en Sector Ejecutivo - GIV Solutions","robots":{"index":"index","follow":"follow","max-snippet":"max-snippet:-1","max-image-preview":"max-image-preview:large","max-video-preview":"max-video-preview:-1"},"canonical":"https:\/\/giv-solutions.com\/es\/entrevista-de-meir-givon-y-juan-figueroa-en-sector-ejecutivo\/","og_locale":"es_ES","og_type":"article","og_title":"Entrevista de Meir Givon y Juan Figueroa en Sector Ejecutivo - GIV Solutions","og_description":"Entrevista de Meir Givon y Juan Figueroa en Sector Ejecutivo Meir Givon, presidente y fundador de GIV Solutions Group, y Juan Figueroa, director regional de Desarrollo de Negocio en Espa\u00f1a, han sido entrevistados en la revista Sector Ejecutivo, donde han explicado que, tras m\u00e1s de 20 a\u00f1os de trayectoria internacional, hemos dado el paso decisivo [&hellip;]","og_url":"https:\/\/giv-solutions.com\/es\/entrevista-de-meir-givon-y-juan-figueroa-en-sector-ejecutivo\/","og_site_name":"GIV Solutions","article_publisher":"https:\/\/www.facebook.com\/MeirGIV","article_published_time":"2025-06-12T11:08:32+00:00","og_image":[{"width":745,"height":556,"url":"https:\/\/giv-solutions.com\/wp-content\/uploads\/2025\/06\/Screenshot-2025-06-12-140627.png","type":"image\/png"}],"author":"Chen Gabay","twitter_card":"summary_large_image","schema":{"@context":"https:\/\/schema.org","@graph":[{"@type":"Article","@id":"https:\/\/giv-solutions.com\/es\/entrevista-de-meir-givon-y-juan-figueroa-en-sector-ejecutivo\/#article","isPartOf":{"@id":"https:\/\/giv-solutions.com\/es\/entrevista-de-meir-givon-y-juan-figueroa-en-sector-ejecutivo\/"},"author":{"name":"Chen Gabay","@id":"https:\/\/giv-solutions.com\/es\/#\/schema\/person\/acf96a226695c8714a384d8ae07bf3e3"},"headline":"Entrevista de Meir Givon y Juan Figueroa en Sector Ejecutivo","datePublished":"2025-06-12T11:08:32+00:00","mainEntityOfPage":{"@id":"https:\/\/giv-solutions.com\/es\/entrevista-de-meir-givon-y-juan-figueroa-en-sector-ejecutivo\/"},"wordCount":183,"publisher":{"@id":"https:\/\/giv-solutions.com\/es\/#organization"},"image":{"@id":"https:\/\/giv-solutions.com\/es\/entrevista-de-meir-givon-y-juan-figueroa-en-sector-ejecutivo\/#primaryimage"},"thumbnailUrl":"https:\/\/giv-solutions.com\/wp-content\/uploads\/2025\/06\/Screenshot-2025-06-12-140627.png","articleSection":["Noticias"],"inLanguage":"es"},{"@type":"WebPage","@id":"https:\/\/giv-solutions.com\/es\/entrevista-de-meir-givon-y-juan-figueroa-en-sector-ejecutivo\/","url":"https:\/\/giv-solutions.com\/es\/entrevista-de-meir-givon-y-juan-figueroa-en-sector-ejecutivo\/","name":"Entrevista de Meir Givon y Juan Figueroa en Sector Ejecutivo - GIV Solutions","isPartOf":{"@id":"https:\/\/giv-solutions.com\/es\/#website"},"primaryImageOfPage":{"@id":"https:\/\/giv-solutions.com\/es\/entrevista-de-meir-givon-y-juan-figueroa-en-sector-ejecutivo\/#primaryimage"},"image":{"@id":"https:\/\/giv-solutions.com\/es\/entrevista-de-meir-givon-y-juan-figueroa-en-sector-ejecutivo\/#primaryimage"},"thumbnailUrl":"https:\/\/giv-solutions.com\/wp-content\/uploads\/2025\/06\/Screenshot-2025-06-12-140627.png","datePublished":"2025-06-12T11:08:32+00:00","breadcrumb":{"@id":"https:\/\/giv-solutions.com\/es\/entrevista-de-meir-givon-y-juan-figueroa-en-sector-ejecutivo\/#breadcrumb"},"inLanguage":"es","potentialAction":[{"@type":"ReadAction","target":["https:\/\/giv-solutions.com\/es\/entrevista-de-meir-givon-y-juan-figueroa-en-sector-ejecutivo\/"]}]},{"@type":"ImageObject","inLanguage":"es","@id":"https:\/\/giv-solutions.com\/es\/entrevista-de-meir-givon-y-juan-figueroa-en-sector-ejecutivo\/#primaryimage","url":"https:\/\/giv-solutions.com\/wp-content\/uploads\/2025\/06\/Screenshot-2025-06-12-140627.png","contentUrl":"https:\/\/giv-solutions.com\/wp-content\/uploads\/2025\/06\/Screenshot-2025-06-12-140627.png","width":745,"height":556},{"@type":"BreadcrumbList","@id":"https:\/\/giv-solutions.com\/es\/entrevista-de-meir-givon-y-juan-figueroa-en-sector-ejecutivo\/#breadcrumb","itemListElement":[{"@type":"ListItem","position":1,"name":"P\u00e1gina de inicio","item":"https:\/\/giv-solutions.com\/es\/"},{"@type":"ListItem","position":2,"name":"Noticias","item":"https:\/\/giv-solutions.com\/es\/category\/noticias\/"},{"@type":"ListItem","position":3,"name":"Entrevista de Meir Givon y Juan Figueroa en Sector Ejecutivo"}]},{"@type":"WebSite","@id":"https:\/\/giv-solutions.com\/es\/#website","url":"https:\/\/giv-solutions.com\/es\/","name":"GIV Solutions","description":"Innovating into the future","publisher":{"@id":"https:\/\/giv-solutions.com\/es\/#organization"},"potentialAction":[{"@type":"SearchAction","target":{"@type":"EntryPoint","urlTemplate":"https:\/\/giv-solutions.com\/es\/?s={search_term_string}"},"query-input":{"@type":"PropertyValueSpecification","valueRequired":true,"valueName":"search_term_string"}}],"inLanguage":"es"},{"@type":"Organization","@id":"https:\/\/giv-solutions.com\/es\/#organization","name":"GIV Solutions","url":"https:\/\/giv-solutions.com\/es\/","logo":{"@type":"ImageObject","inLanguage":"es","@id":"https:\/\/giv-solutions.com\/es\/#\/schema\/logo\/image\/","url":"https:\/\/giv-solutions.com\/wp-content\/uploads\/2025\/12\/GIV-LOGO-TRANS.png","contentUrl":"https:\/\/giv-solutions.com\/wp-content\/uploads\/2025\/12\/GIV-LOGO-TRANS.png","width":1080,"height":1080,"caption":"GIV Solutions"},"image":{"@id":"https:\/\/giv-solutions.com\/es\/#\/schema\/logo\/image\/"},"sameAs":["https:\/\/www.facebook.com\/MeirGIV","https:\/\/www.youtube.com\/channel\/UCm0ve1mqHoC3dKt-AQGKAKA?cbrd=1","https:\/\/www.linkedin.com\/company\/giv-solutions"]},{"@type":"Person","@id":"https:\/\/giv-solutions.com\/es\/#\/schema\/person\/acf96a226695c8714a384d8ae07bf3e3","name":"Chen Gabay","image":{"@type":"ImageObject","inLanguage":"es","@id":"https:\/\/secure.gravatar.com\/avatar\/0ee0786b1359a3905f1c8a91f6f2121054db32da316aaf5b85d57acc9afea665?s=96&d=mm&r=g","url":"https:\/\/secure.gravatar.com\/avatar\/0ee0786b1359a3905f1c8a91f6f2121054db32da316aaf5b85d57acc9afea665?s=96&d=mm&r=g","contentUrl":"https:\/\/secure.gravatar.com\/avatar\/0ee0786b1359a3905f1c8a91f6f2121054db32da316aaf5b85d57acc9afea665?s=96&d=mm&r=g","caption":"Chen Gabay"}}]}},"_links":{"self":[{"href":"https:\/\/giv-solutions.com\/es\/wp-json\/wp\/v2\/posts\/6504","targetHints":{"allow":["GET"]}}],"collection":[{"href":"https:\/\/giv-solutions.com\/es\/wp-json\/wp\/v2\/posts"}],"about":[{"href":"https:\/\/giv-solutions.com\/es\/wp-json\/wp\/v2\/types\/post"}],"author":[{"embeddable":true,"href":"https:\/\/giv-solutions.com\/es\/wp-json\/wp\/v2\/users\/6"}],"replies":[{"embeddable":true,"href":"https:\/\/giv-solutions.com\/es\/wp-json\/wp\/v2\/comments?post=6504"}],"version-history":[{"count":2,"href":"https:\/\/giv-solutions.com\/es\/wp-json\/wp\/v2\/posts\/6504\/revisions"}],"predecessor-version":[{"id":6511,"href":"https:\/\/giv-solutions.com\/es\/wp-json\/wp\/v2\/posts\/6504\/revisions\/6511"}],"wp:featuredmedia":[{"embeddable":true,"href":"https:\/\/giv-solutions.com\/es\/wp-json\/wp\/v2\/media\/6507"}],"wp:attachment":[{"href":"https:\/\/giv-solutions.com\/es\/wp-json\/wp\/v2\/media?parent=6504"}],"wp:term":[{"taxonomy":"category","embeddable":true,"href":"https:\/\/giv-solutions.com\/es\/wp-json\/wp\/v2\/categories?post=6504"},{"taxonomy":"post_tag","embeddable":true,"href":"https:\/\/giv-solutions.com\/es\/wp-json\/wp\/v2\/tags?post=6504"}],"curies":[{"name":"wp","href":"https:\/\/api.w.org\/{rel}","templated":true}]}}